{"id":2641,"date":"2026-05-02T09:00:00","date_gmt":"2026-05-02T08:00:00","guid":{"rendered":"https:\/\/www.implantcoclear.cat\/?p=2641"},"modified":"2026-05-02T13:04:30","modified_gmt":"2026-05-02T12:04:30","slug":"dia-contra-lassetjament-escolar2026","status":"publish","type":"post","link":"https:\/\/www.implantcoclear.cat\/?p=2641","title":{"rendered":"Dia Contra l&#8217;Assetjament Escolar2026"},"content":{"rendered":"\n<h2 class=\"wp-block-heading\">El 27,6% de l&#8217;alumnat amb implant coclear pateix assetjament escolar, segons la Federaci\u00f3 AICE<\/h2>\n\n\n\n\n\n\n<div class=\"wp-block-image\">\n<figure class=\"aligncenter size-full is-resized\"><a href=\"https:\/\/www.implantcoclear.cat\/wp-content\/uploads\/2026\/04\/image-3.png\"><img loading=\"lazy\" decoding=\"async\" width=\"225\" height=\"225\" src=\"https:\/\/www.implantcoclear.cat\/wp-content\/uploads\/2026\/04\/image-3.png\" alt=\"\" class=\"wp-image-2646\" style=\"width:383px;height:auto\" srcset=\"https:\/\/www.implantcoclear.cat\/wp-content\/uploads\/2026\/04\/image-3.png 225w, https:\/\/www.implantcoclear.cat\/wp-content\/uploads\/2026\/04\/image-3-150x150.png 150w, https:\/\/www.implantcoclear.cat\/wp-content\/uploads\/2026\/04\/image-3-55x55.png 55w\" sizes=\"(max-width: 225px) 100vw, 225px\" \/><\/a><\/figure><\/div>\n\n\n<p>L&#8217;entitat alerta, en el <strong>Dia Contra l&#8217;Assetjament Escola<\/strong>r, de la major vulnerabilitat<br>d&#8217;aquest col\u00b7lectiu i demana refor\u00e7ar les mesures de prevenci\u00f3 als centres educatius.<\/p>\n\n\n\n<p>En el marc del Dia Contra l&#8217;Assetjament Escolar, la Federaci\u00f3 d&#8217;Associacions de Implantats Coclears d&#8217;Espanya (Federaci\u00f3n AICE) alerta sobre l&#8217;especial vulnerabilitat de l&#8217;alumnat usuari d&#8217;implant coclear enfront de situacions d&#8217;assetjament en l&#8217;entorn educatiu. Segons un estudi impulsat per l&#8217;entitat i publicat a Journal of Deaf Studies and Deaf Education, el 27,6% d&#8217;aquests estudiants ha ssetjament escolar.<\/p>\n\n\n\n<p>D&#8217;aquest percentatge, un 11,3% l&#8217;experimenta de forma ocasional i un 16,3% de manera severa, la qual cosa suposa triplicar les probabilitats de patir exclusi\u00f3, viol\u00e8ncia o rebuig respecte a altres estudiants.<\/p>\n\n\n\n<p>Les conseq\u00fc\u00e8ncies de l&#8217; assetjament, segons les pr\u00f2pies v\u00edctimes, inclouen un empitjorament de l&#8217; estat d&#8217; \u00e0nim, una baixa autoestima i una reducci\u00f3 significativa de la interacci\u00f3 social. Aquestes situacions, sumades a les dificultats auditives, poden afectar greument el desenvolupament personal i la integraci\u00f3 social de l&#8217; alumnat.<\/p>\n\n\n\n<p>Davant d&#8217;aquesta realitat, la Federaci\u00f3n AICE fa una crida a la sensibilitzaci\u00f3, l&#8217;empatia i l&#8217;acci\u00f3 per part de tota la comunitat educativa. L&#8217;entitat subratlla la necessitat d&#8217;educar en el respecte a la diversitat i fomentar entorns escolars inclusius segurs.<\/p>\n\n\n\n<p><strong>&#8220;\u00c9s fonamental que docents, fam\u00edlies, administracions i alumnat treballin de forma conjunta per erradicar l&#8217;assetjament escolar i garantir la igualtat d&#8217;oportunitats&#8221;<\/strong>, assenyala Inmaculada Soto, Presidenta de la Federaci\u00f3n AICE.<\/p>\n\n\n\n<p>Aix\u00ed mateix, la Federaci\u00f3n AICE insta les institucions educatives a refor\u00e7ar les pol\u00edtiques de prevenci\u00f3 i actuaci\u00f3 enfront de l&#8217; assetjament escolar, prestant especial atenci\u00f3 a les necessitats de l&#8217; alumnat amb discapacitat auditiva i usuaris d&#8217; implants coclears.<\/p>\n\n\n\n<p>L&#8217;entitat recorda que la diversitat a l&#8217;aula s&#8217;ha d&#8217;entendre com un valor i no com una debilitat, i<br>defensa la creaci\u00f3 d&#8217;espais on tots els estudiants puguin desenvolupar-se ions de respecte i seguretat.<\/p>\n\n\n\n<p class=\"has-text-align-center\"><strong>Implantats Coclears contra l&#8217;Assetjament:<\/strong><br><a href=\"https:\/\/youtu.be\/SIFCZ8Tpdkg\">https:\/\/youtu.be\/SIFCZ8Tpdkg<\/a><\/p>\n\n\n\n<p>La Federaci\u00f3 d&#8217;Associacions de Coclears d&#8217;Espanya (Federaci\u00f3n AICE) treballa en la defensa dels drets de les persones implantades coclears, les seves fam\u00edlies i professionals de l&#8217;\u00e0mbit de l&#8217;audici\u00f3. L&#8217;entitat col\u00b7labora amb organismes nacionals i internacionals per millorar l&#8217;acc\u00e9s a tecnologies auditives i promoure la inclusi\u00f3 social.<\/p>\n","protected":false},"excerpt":{"rendered":"<p>El 27,6% de l&#8217;alumnat amb implant coclear pateix assetjament escolar, segons la Federaci\u00f3 AICE L&#8217;entitat alerta, en el Dia Contra l&#8217;Assetjament Escolar, de la major vulnerabilitatd&#8217;aquest col\u00b7lectiu i demana refor\u00e7ar les mesures de prevenci\u00f3 als centres educatius. En el marc del Dia Contra l&#8217;Assetjament Escolar, la Federaci\u00f3 d&#8217;Associacions de Implantats [&hellip;]<\/p>\n","protected":false},"author":1,"featured_media":0,"comment_status":"closed","ping_status":"open","sticky":false,"template":"","format":"standard","meta":{"footnotes":""},"categories":[1],"tags":[],"_links":{"self":[{"href":"https:\/\/www.implantcoclear.cat\/index.php?rest_route=\/wp\/v2\/posts\/2641"}],"collection":[{"href":"https:\/\/www.implantcoclear.cat\/index.php?rest_route=\/wp\/v2\/posts"}],"about":[{"href":"https:\/\/www.implantcoclear.cat\/index.php?rest_route=\/wp\/v2\/types\/post"}],"author":[{"embeddable":true,"href":"https:\/\/www.implantcoclear.cat\/index.php?rest_route=\/wp\/v2\/users\/1"}],"replies":[{"embeddable":true,"href":"https:\/\/www.implantcoclear.cat\/index.php?rest_route=%2Fwp%2Fv2%2Fcomments&post=2641"}],"version-history":[{"count":3,"href":"https:\/\/www.implantcoclear.cat\/index.php?rest_route=\/wp\/v2\/posts\/2641\/revisions"}],"predecessor-version":[{"id":2647,"href":"https:\/\/www.implantcoclear.cat\/index.php?rest_route=\/wp\/v2\/posts\/2641\/revisions\/2647"}],"wp:attachment":[{"href":"https:\/\/www.implantcoclear.cat\/index.php?rest_route=%2Fwp%2Fv2%2Fmedia&parent=2641"}],"wp:term":[{"taxonomy":"category","embeddable":true,"href":"https:\/\/www.implantcoclear.cat\/index.php?rest_route=%2Fwp%2Fv2%2Fcategories&post=2641"},{"taxonomy":"post_tag","embeddable":true,"href":"https:\/\/www.implantcoclear.cat\/index.php?rest_route=%2Fwp%2Fv2%2Ftags&post=2641"}],"curies":[{"name":"wp","href":"https:\/\/api.w.org\/{rel}","templated":true}]}}