{"id":2706,"date":"2026-09-02T13:13:47","date_gmt":"2026-09-02T12:13:47","guid":{"rendered":"https:\/\/www.implantcoclear.cat\/?p=2706"},"modified":"2026-09-02T13:14:29","modified_gmt":"2026-09-02T12:14:29","slug":"ja-pots-sol%c2%b7licitar-la-pua-prestacio-datencio-social-a-les-persones-amb-discapacitat","status":"publish","type":"post","link":"https:\/\/www.implantcoclear.cat\/?p=2706","title":{"rendered":"Ja pots sol\u00b7licitar la PUA (Prestaci\u00f3 d\u2019atenci\u00f3 social a les persones amb discapacitat)"},"content":{"rendered":"\n<figure class=\"wp-block-image size-full\"><a href=\"https:\/\/www.implantcoclear.cat\/wp-content\/uploads\/2026\/09\/Generalitat-Catalunya.png\"><img loading=\"lazy\" decoding=\"async\" width=\"617\" height=\"156\" src=\"https:\/\/www.implantcoclear.cat\/wp-content\/uploads\/2026\/09\/Generalitat-Catalunya.png\" alt=\"\" class=\"wp-image-2707\" srcset=\"https:\/\/www.implantcoclear.cat\/wp-content\/uploads\/2026\/09\/Generalitat-Catalunya.png 617w, https:\/\/www.implantcoclear.cat\/wp-content\/uploads\/2026\/09\/Generalitat-Catalunya-300x76.png 300w, https:\/\/www.implantcoclear.cat\/wp-content\/uploads\/2026\/09\/Generalitat-Catalunya-218x55.png 218w\" sizes=\"(max-width: 617px) 100vw, 617px\" \/><\/a><\/figure>\n\n\n\n\n\n<p>Ja pots optar a la prestaci\u00f3 econ\u00f2mica per a persones amb discapacitat que necessiten productes de suport, adaptacions, transport o altres actuacions per a millorar la seva autonomia personal i qualitat de vida.<\/p>\n\n\n\n<p>Aquestes prestacions seran per a: &#8220;Mobilitat i transport&#8221; i &#8220;Autonomia personal i comunicaci\u00f3&#8221;.<\/p>\n\n\n\n<p>Dins de les prestacions &#8220;Autonomia personal i comunicaci\u00f3&#8221; es pot optar a audi\u00f2fons, ulleres, lents de contacte o comunicadors, entre altres opcions.<\/p>\n\n\n\n<p>En el seg\u00fcent enlla\u00e7 podr\u00e0s trobar tota la informaci\u00f3 que necessites per a sol\u00b7licitar-les:<\/p>\n\n\n\n<p><a href=\"https:\/\/tramits.gencat.cat\/ca\/tramits\/tramits-temes\/Prestacio-datencio-social-a-les-persones-amb-discapacitat-PUA?moda=1\">https:\/\/tramits.gencat.cat\/ca\/tramits\/tramits-temes\/Prestacio-datencio-social-a-les-persones-amb-discapacitat-PUA?moda=1<\/a><\/p>\n","protected":false},"excerpt":{"rendered":"<p>Ja pots optar a la prestaci\u00f3 econ\u00f2mica per a persones amb discapacitat que necessiten productes de suport, adaptacions, transport o altres actuacions per a millorar la seva autonomia personal i qualitat de vida. Aquestes prestacions seran per a: &#8220;Mobilitat i transport&#8221; i &#8220;Autonomia personal i comunicaci\u00f3&#8221;. Dins de les prestacions [&hellip;]<\/p>\n","protected":false},"author":1,"featured_media":0,"comment_status":"closed","ping_status":"open","sticky":false,"template":"","format":"standard","meta":{"footnotes":""},"categories":[1],"tags":[],"_links":{"self":[{"href":"https:\/\/www.implantcoclear.cat\/index.php?rest_route=\/wp\/v2\/posts\/2706"}],"collection":[{"href":"https:\/\/www.implantcoclear.cat\/index.php?rest_route=\/wp\/v2\/posts"}],"about":[{"href":"https:\/\/www.implantcoclear.cat\/index.php?rest_route=\/wp\/v2\/types\/post"}],"author":[{"embeddable":true,"href":"https:\/\/www.implantcoclear.cat\/index.php?rest_route=\/wp\/v2\/users\/1"}],"replies":[{"embeddable":true,"href":"https:\/\/www.implantcoclear.cat\/index.php?rest_route=%2Fwp%2Fv2%2Fcomments&post=2706"}],"version-history":[{"count":2,"href":"https:\/\/www.implantcoclear.cat\/index.php?rest_route=\/wp\/v2\/posts\/2706\/revisions"}],"predecessor-version":[{"id":2709,"href":"https:\/\/www.implantcoclear.cat\/index.php?rest_route=\/wp\/v2\/posts\/2706\/revisions\/2709"}],"wp:attachment":[{"href":"https:\/\/www.implantcoclear.cat\/index.php?rest_route=%2Fwp%2Fv2%2Fmedia&parent=2706"}],"wp:term":[{"taxonomy":"category","embeddable":true,"href":"https:\/\/www.implantcoclear.cat\/index.php?rest_route=%2Fwp%2Fv2%2Fcategories&post=2706"},{"taxonomy":"post_tag","embeddable":true,"href":"https:\/\/www.implantcoclear.cat\/index.php?rest_route=%2Fwp%2Fv2%2Ftags&post=2706"}],"curies":[{"name":"wp","href":"https:\/\/api.w.org\/{rel}","templated":true}]}}